{"id":632,"date":"2025-10-20T12:17:03","date_gmt":"2025-10-20T12:17:03","guid":{"rendered":"https:\/\/www.maxxgramas.com.br\/blog\/?p=632"},"modified":"2025-10-20T12:18:12","modified_gmt":"2025-10-20T12:18:12","slug":"maxx-gramas-jardim-vertical-artificial-para-ambientes-internos","status":"publish","type":"post","link":"https:\/\/www.maxxgramas.com.br\/blog\/jardim-vertical-artificial\/maxx-gramas-jardim-vertical-artificial-para-ambientes-internos\/","title":{"rendered":"Maxx Gramas: jardim vertical artificial para ambientes internos"},"content":{"rendered":"<span class=\"rt-reading-time\" style=\"display: block;\"><span class=\"rt-label rt-prefix\">Tempo de leitura: <\/span> <span class=\"rt-time\">4<\/span> <span class=\"rt-label rt-postfix\">minutos<\/span><\/span>\n<p class=\"has-medium-font-size\"><strong><em>Descubra como o jardim vertical artificial da Maxx Gramas transforma ambientes internos com beleza, praticidade e durabilidade incompar\u00e1veis.<\/em><\/strong><\/p>\n\n\n\n<ul class=\"wp-block-list\">\n<li><\/li>\n<\/ul>\n\n\n\n<p>Ter um <strong>jardim vertical artificial<\/strong> \u00e9 unir o charme da natureza \u00e0 praticidade do dia a dia. Seja em uma sala comercial, em um restaurante ou em casa, o visual de um <strong>jardim de parede<\/strong> transforma completamente o ambiente, transmitindo bem-estar e eleg\u00e2ncia.<\/p>\n\n\n\n<p>Muitos donos de estabelecimentos e profissionais de arquitetura buscam solu\u00e7\u00f5es que valorizem o espa\u00e7o, mas sem o trabalho constante de manuten\u00e7\u00e3o. \u00c9 a\u00ed que o jardim vertical sint\u00e9tico se torna uma escolha inteligente: ele garante <strong>beleza duradoura<\/strong>, sem a necessidade de regar, podar ou trocar plantas.<\/p>\n\n\n\n<p>A <strong>Maxx Gramas<\/strong> \u00e9 refer\u00eancia nesse tipo de projeto. A empresa oferece instala\u00e7\u00e3o de <strong>jardins verticais artificiais<\/strong> sob medida, com acabamentos realistas e de alta qualidade, que trazem um toque natural e sofisticado a qualquer ambiente interno.<\/p>\n\n\n\n<ul class=\"wp-block-list\">\n<li><a href=\"https:\/\/www.maxxgramas.com.br\/blog\/brinquedos-para-playground\/maxx-gramas\/\" target=\"_blank\" rel=\"noreferrer noopener\">Como montar uma brinquedoteca em casa com os brinquedos da Maxx Gramas<\/a><\/li>\n\n\n\n<li><a href=\"https:\/\/www.maxxgramas.com.br\/blog\/grama-decorativa\/decore-o-ambiente-com-grama-sintetica-para-jardim-e-garanta-facilidade-e-estetica\/\" target=\"_blank\" rel=\"noreferrer noopener\">Decore o ambiente com grama sint\u00e9tica para jardim e garanta facilidade e est\u00e9tica<\/a><\/li>\n<\/ul>\n\n\n\n<div id=\"ez-toc-container\" class=\"ez-toc-v2_0_67_1 counter-hierarchy ez-toc-counter ez-toc-grey ez-toc-container-direction\">\n<div class=\"ez-toc-title-container\">\n<p class=\"ez-toc-title \" >T&oacute;picos do artigo<\/p>\n<span class=\"ez-toc-title-toggle\"><a href=\"#\" class=\"ez-toc-pull-right ez-toc-btn ez-toc-btn-xs ez-toc-btn-default ez-toc-toggle\" aria-label=\"Toggle Table of Content\"><span class=\"ez-toc-js-icon-con\"><span class=\"\"><span class=\"eztoc-hide\" style=\"display:none;\">Toggle<\/span><span class=\"ez-toc-icon-toggle-span\"><svg style=\"fill: #999;color:#999\" xmlns=\"http:\/\/www.w3.org\/2000\/svg\" class=\"list-377408\" width=\"20px\" height=\"20px\" viewBox=\"0 0 24 24\" fill=\"none\"><path d=\"M6 6H4v2h2V6zm14 0H8v2h12V6zM4 11h2v2H4v-2zm16 0H8v2h12v-2zM4 16h2v2H4v-2zm16 0H8v2h12v-2z\" fill=\"currentColor\"><\/path><\/svg><svg style=\"fill: #999;color:#999\" class=\"arrow-unsorted-368013\" xmlns=\"http:\/\/www.w3.org\/2000\/svg\" width=\"10px\" height=\"10px\" viewBox=\"0 0 24 24\" version=\"1.2\" baseProfile=\"tiny\"><path d=\"M18.2 9.3l-6.2-6.3-6.2 6.3c-.2.2-.3.4-.3.7s.1.5.3.7c.2.2.4.3.7.3h11c.3 0 .5-.1.7-.3.2-.2.3-.5.3-.7s-.1-.5-.3-.7zM5.8 14.7l6.2 6.3 6.2-6.3c.2-.2.3-.5.3-.7s-.1-.5-.3-.7c-.2-.2-.4-.3-.7-.3h-11c-.3 0-.5.1-.7.3-.2.2-.3.5-.3.7s.1.5.3.7z\"\/><\/svg><\/span><\/span><\/span><\/a><\/span><\/div>\n<nav><ul class='ez-toc-list ez-toc-list-level-1 ' ><li class='ez-toc-page-1 ez-toc-heading-level-2'><a class=\"ez-toc-link ez-toc-heading-1\" href=\"https:\/\/www.maxxgramas.com.br\/blog\/jardim-vertical-artificial\/maxx-gramas-jardim-vertical-artificial-para-ambientes-internos\/#Beleza_e_versatilidade_do_jardim_vertical_artificial\" title=\"Beleza e versatilidade do jardim vertical artificial\">Beleza e versatilidade do jardim vertical artificial<\/a><\/li><li class='ez-toc-page-1 ez-toc-heading-level-2'><a class=\"ez-toc-link ez-toc-heading-2\" href=\"https:\/\/www.maxxgramas.com.br\/blog\/jardim-vertical-artificial\/maxx-gramas-jardim-vertical-artificial-para-ambientes-internos\/#As_principais_vantagens_do_jardim_vertical_sintetico\" title=\"As principais vantagens do jardim vertical sint\u00e9tico\">As principais vantagens do jardim vertical sint\u00e9tico<\/a><\/li><li class='ez-toc-page-1 ez-toc-heading-level-2'><a class=\"ez-toc-link ez-toc-heading-3\" href=\"https:\/\/www.maxxgramas.com.br\/blog\/jardim-vertical-artificial\/maxx-gramas-jardim-vertical-artificial-para-ambientes-internos\/#Maxx_Gramas_qualidade_e_realismo\" title=\"Maxx Gramas: qualidade e realismo\">Maxx Gramas: qualidade e realismo<\/a><\/li><li class='ez-toc-page-1 ez-toc-heading-level-2'><a class=\"ez-toc-link ez-toc-heading-4\" href=\"https:\/\/www.maxxgramas.com.br\/blog\/jardim-vertical-artificial\/maxx-gramas-jardim-vertical-artificial-para-ambientes-internos\/#Aplicacoes_do_jardim_vertical_em_ambientes_internos\" title=\"Aplica\u00e7\u00f5es do jardim vertical em ambientes internos\">Aplica\u00e7\u00f5es do jardim vertical em ambientes internos<\/a><\/li><li class='ez-toc-page-1 ez-toc-heading-level-2'><a class=\"ez-toc-link ez-toc-heading-5\" href=\"https:\/\/www.maxxgramas.com.br\/blog\/jardim-vertical-artificial\/maxx-gramas-jardim-vertical-artificial-para-ambientes-internos\/#Transforme_seu_ambiente_com_a_Maxx_Gramas\" title=\"Transforme seu ambiente com a Maxx Gramas\">Transforme seu ambiente com a Maxx Gramas<\/a><\/li><\/ul><\/nav><\/div>\n<h2 class=\"wp-block-heading\"><span class=\"ez-toc-section\" id=\"Beleza_e_versatilidade_do_jardim_vertical_artificial\"><\/span><strong>Beleza e versatilidade do jardim vertical artificial<\/strong><span class=\"ez-toc-section-end\"><\/span><\/h2>\n\n\n\n<p>O primeiro impacto de um <strong>jardim vertical<\/strong> \u00e9 visual. Ele muda completamente a est\u00e9tica do ambiente, tornando-o mais vivo, aconchegante e moderno. Al\u00e9m disso, h\u00e1 uma vantagem clara: pode ser instalado em praticamente qualquer tipo de parede.<\/p>\n\n\n\n<p>Em resid\u00eancias, o <strong>jardim de parede<\/strong> \u00e9 uma \u00f3tima alternativa para \u00e1reas internas com pouca ilumina\u00e7\u00e3o natural. J\u00e1 em com\u00e9rcios, como restaurantes e escrit\u00f3rios, ele cria uma atmosfera acolhedora e elegante, perfeita para impressionar clientes e visitantes.<\/p>\n\n\n\n<p>Al\u00e9m de sua beleza, o <strong>jardim vertical artificial da Maxx Gramas<\/strong> oferece infinitas possibilidades de personaliza\u00e7\u00e3o.&nbsp;<\/p>\n\n\n\n<p>Sendo assim, voc\u00ea pode escolher entre diferentes estilos de folhagens, tonalidades de verde e at\u00e9 mesmo modelos com flores, adaptando cada detalhe \u00e0 identidade visual do seu espa\u00e7o. <strong>Portanto<\/strong>, \u00e9 uma solu\u00e7\u00e3o est\u00e9tica e funcional ao mesmo tempo.<\/p>\n\n\n\n<ul class=\"wp-block-list\">\n<li><a href=\"https:\/\/www.maxxgramas.com.br\/blog\/grama-sintetica-para-society\/instalacao-de-grama-para-quadra-society-em-sao-paulo\/\" target=\"_blank\" rel=\"noreferrer noopener\">Instala\u00e7\u00e3o de grama para quadra society em S\u00e3o Paulo<\/a><\/li>\n<\/ul>\n\n\n\n<h2 class=\"wp-block-heading\"><span class=\"ez-toc-section\" id=\"As_principais_vantagens_do_jardim_vertical_sintetico\"><\/span><strong>As principais vantagens do jardim vertical sint\u00e9tico<\/strong><span class=\"ez-toc-section-end\"><\/span><\/h2>\n\n\n\n<p>Optar por um <strong>jardim vertical sint\u00e9tico<\/strong> traz benef\u00edcios que v\u00e3o al\u00e9m da apar\u00eancia. A seguir, veja as principais vantagens:<\/p>\n\n\n\n<div class=\"wp-block-group is-nowrap is-layout-flex wp-container-core-group-is-layout-ad2f72ca wp-block-group-is-layout-flex\">\n<ul class=\"wp-block-list\">\n<li><strong>Baixa manuten\u00e7\u00e3o:<\/strong> n\u00e3o precisa de \u00e1gua, luz solar ou adubos.<br><\/li>\n\n\n\n<li><strong>Alta durabilidade:<\/strong> mant\u00e9m sua apar\u00eancia intacta por anos.<br><\/li>\n\n\n\n<li><strong>Variedade de modelos:<\/strong> folhagens e cores que se adaptam a qualquer decora\u00e7\u00e3o.<br><\/li>\n\n\n\n<li><strong>Economia a longo prazo:<\/strong> evita gastos com manuten\u00e7\u00e3o e recursos h\u00eddricos.<br><\/li>\n\n\n\n<li><strong>Instala\u00e7\u00e3o r\u00e1pida:<\/strong> sem obras complexas ou sujeira.<br><\/li>\n<\/ul>\n\n\n\n<figure class=\"wp-block-image size-full is-resized\"><img loading=\"lazy\" decoding=\"async\" width=\"550\" height=\"600\" src=\"https:\/\/www.maxxgramas.com.br\/blog\/wp-content\/uploads\/2025\/10\/jardim-vertical-17.jpg\" alt=\"\" class=\"wp-image-633\" style=\"width:293px;height:auto\"\/><\/figure>\n<\/div>\n\n\n\n<p>Portanto, esses fatores explicam por que tantos arquitetos e designers t\u00eam adotado o <strong>jardim vertical artificial da Maxx Gramas<\/strong> em seus projetos. <strong>Assim<\/strong>, \u00e9 poss\u00edvel criar ambientes sofisticados sem comprometer tempo nem or\u00e7amento.<\/p>\n\n\n\n<h2 class=\"wp-block-heading\"><span class=\"ez-toc-section\" id=\"Maxx_Gramas_qualidade_e_realismo\"><\/span><strong>Maxx Gramas: qualidade e realismo<\/strong><span class=\"ez-toc-section-end\"><\/span><\/h2>\n\n\n\n<p>A <strong>Maxx Gramas<\/strong> \u00e9 especialista em <strong>jardins verticais artificiais<\/strong> e oferece um servi\u00e7o completo \u2014 desde a escolha dos materiais at\u00e9 a instala\u00e7\u00e3o final. Ent\u00e3o, o diferencial est\u00e1 na <strong>qualidade das folhagens<\/strong>, que reproduzem fielmente o aspecto natural das plantas, com textura e colora\u00e7\u00e3o realistas.<\/p>\n\n\n\n<p>Outro ponto importante \u00e9 o acabamento. Cada painel \u00e9 montado com cuidado para que as jun\u00e7\u00f5es fiquem impercept\u00edveis, proporcionando uma sensa\u00e7\u00e3o cont\u00ednua de natureza. Al\u00e9m disso, os materiais utilizados s\u00e3o <strong>resistentes \u00e0 umidade e \u00e0 luz<\/strong>, o que garante longa vida \u00fatil mesmo em locais fechados e com varia\u00e7\u00e3o de temperatura.<\/p>\n\n\n\n<p><strong>Portanto<\/strong>, ao investir em um <strong>jardim de parede artificial da Maxx Gramas<\/strong>, o cliente tem a certeza de um produto dur\u00e1vel, bonito e que exige zero manuten\u00e7\u00e3o.<\/p>\n\n\n\n<h2 class=\"wp-block-heading\"><span class=\"ez-toc-section\" id=\"Aplicacoes_do_jardim_vertical_em_ambientes_internos\"><\/span><strong>Aplica\u00e7\u00f5es do jardim vertical em ambientes internos<\/strong><span class=\"ez-toc-section-end\"><\/span><\/h2>\n\n\n\n<p>O <strong>jardim vertical artificial<\/strong> \u00e9 extremamente vers\u00e1til. Ele se adapta a diferentes estilos e necessidades, transformando espa\u00e7os de forma pr\u00e1tica e elegante. Veja onde pode ser aplicado:<\/p>\n\n\n\n<ul class=\"wp-block-list\">\n<li><strong>Restaurantes e caf\u00e9s:<\/strong> cria um cen\u00e1rio agrad\u00e1vel para os clientes e melhora a experi\u00eancia no local.<br><\/li>\n\n\n\n<li><strong>Escrit\u00f3rios e recep\u00e7\u00f5es:<\/strong> transmite sofistica\u00e7\u00e3o e contribui para um ambiente mais leve e produtivo.<br><\/li>\n\n\n\n<li><strong>Salas de estar e corredores residenciais:<\/strong> adiciona um toque natural e moderno.<br><\/li>\n\n\n\n<li><strong>Lojas e vitrines:<\/strong> valoriza a exposi\u00e7\u00e3o de produtos e fortalece a identidade visual da marca.<br><\/li>\n<\/ul>\n\n\n\n<p>Ent\u00e3o, como n\u00e3o h\u00e1 restri\u00e7\u00f5es de luminosidade ou irriga\u00e7\u00e3o, o <strong>jardim vertical da Maxx Gramas<\/strong> \u00e9 ideal para qualquer ambiente interno. <strong>Sendo assim<\/strong>, \u00e9 uma op\u00e7\u00e3o acess\u00edvel para quem busca transformar o espa\u00e7o de forma pr\u00e1tica e duradoura.<\/p>\n\n\n\n<h2 class=\"wp-block-heading\"><span class=\"ez-toc-section\" id=\"Transforme_seu_ambiente_com_a_Maxx_Gramas\"><\/span><strong>Transforme seu ambiente com a Maxx Gramas<\/strong><span class=\"ez-toc-section-end\"><\/span><\/h2>\n\n\n\n<p>Investir em um <strong>jardim vertical artificial<\/strong> \u00e9 investir em valoriza\u00e7\u00e3o, conforto e est\u00e9tica. Ele agrega sofistica\u00e7\u00e3o a qualquer ambiente, <strong>reduz custos de manuten\u00e7\u00e3o<\/strong> e oferece uma apar\u00eancia natural durante todo o ano.<\/p>\n\n\n\n<p>Assim, a <strong>Maxx Gramas<\/strong> se destaca por oferecer <strong>solu\u00e7\u00f5es completas e personalizadas<\/strong>, que atendem desde projetos corporativos at\u00e9 pequenos espa\u00e7os residenciais. <strong>Portanto<\/strong>, se voc\u00ea quer transformar seu ambiente com praticidade e eleg\u00e2ncia, escolha quem entende do assunto.<\/p>\n\n\n\n<p class=\"has-medium-font-size\"><strong><em><a href=\"https:\/\/www.maxxgramas.com.br\/contato\">Entre em contato<\/a> com a Maxx Gramas e descubra como um jardim vertical artificial pode redefinir o visual do seu espa\u00e7o com beleza e efici\u00eancia.<\/em><\/strong><\/p>\n","protected":false},"excerpt":{"rendered":"<p><span class=\"rt-reading-time\" style=\"display: block;\"><span class=\"rt-label rt-prefix\">Tempo de leitura: <\/span> <span class=\"rt-time\">4<\/span> <span class=\"rt-label rt-postfix\">minutos<\/span><\/span> Descubra como o jardim vertical artificial da Maxx Gramas transforma ambientes internos com beleza, praticidade e durabilidade incompar\u00e1veis. Ter um jardim vertical artificial \u00e9 unir o charme da natureza \u00e0 praticidade do dia a dia. Seja em uma sala comercial, em um restaurante ou em casa, o visual de um jardim de parede transforma completamente &hellip; <\/p>\n","protected":false},"author":1,"featured_media":634,"comment_status":"open","ping_status":"open","sticky":false,"template":"","format":"standard","meta":{"footnotes":""},"categories":[2374],"tags":[3621,3618,3625,2393,3620,3624,3629,3631,3630,3633,2757,3622,3617,54,2407,3636,3652,3645,3648,3641,3655,3638,3650,3653,3651,3635,3634,3654,3643,3640,3647,3644,3642,3649,3646,3632,3637,2759,3639,3626,2419,3184,187,3628,13,3619,3058,3623,3627],"class_list":["post-632","post","type-post","status-publish","format-standard","has-post-thumbnail","hentry","category-jardim-vertical-artificial","tag-ambiente-corporativo-decorado","tag-ambientes-internos-verdes","tag-arquitetura-e-decoracao-com-plantas-sinteticas","tag-decoracao-com-plantas-artificiais","tag-decoracao-sustentavel-sem-manutencao","tag-design-de-interiores-com-jardim-vertical","tag-distribuidor-de-jardim-vertical-artificial","tag-empresa-de-jardim-vertical-artificial","tag-fabricante-de-jardim-vertical-artificial","tag-fornecedor-de-jardim-vertical-artificial","tag-instalacao-de-jardim-vertical-artificial","tag-jardim-artificial-de-parede","tag-jardim-de-parede","tag-jardim-vertical","tag-jardim-vertical-artificial","tag-jardim-vertical-artificial-comprar","tag-jardim-vertical-artificial-em-diadema","tag-jardim-vertical-artificial-em-guaianases","tag-jardim-vertical-artificial-em-guarulhos","tag-jardim-vertical-artificial-em-itaquera","tag-jardim-vertical-artificial-em-osasco","tag-jardim-vertical-artificial-em-promocao","tag-jardim-vertical-artificial-em-santo-andre","tag-jardim-vertical-artificial-em-sao-bernardo","tag-jardim-vertical-artificial-em-sao-caetano","tag-jardim-vertical-artificial-em-sao-paulo","tag-jardim-vertical-artificial-em-sp","tag-jardim-vertical-artificial-na-baixada-santista","tag-jardim-vertical-artificial-na-cidade-lider","tag-jardim-vertical-artificial-na-zona-leste","tag-jardim-vertical-artificial-na-zona-norte","tag-jardim-vertical-artificial-na-zona-oeste","tag-jardim-vertical-artificial-na-zona-sul","tag-jardim-vertical-artificial-no-abc","tag-jardim-vertical-artificial-no-centro","tag-jardim-vertical-artificial-onde-encontrar","tag-jardim-vertical-artificial-perto-de-mim","tag-jardim-vertical-artificial-preco","tag-jardim-vertical-artificial-proximo-a-mim","tag-jardim-vertical-duravel","tag-jardim-vertical-para-interiores","tag-jardim-vertical-para-restaurantes","tag-jardim-vertical-sintetico","tag-loja-de-jardim-vertical-artificial","tag-maxx-gramas","tag-painel-verde-artificial","tag-paisagismo-artificial","tag-parede-verde-decorativa","tag-solucoes-verdes-maxx-gramas"],"yoast_head":"<!-- This site is optimized with the Yoast SEO plugin v20.6 - https:\/\/yoast.com\/wordpress\/plugins\/seo\/ -->\n<title>Maxx Gramas: jardim vertical artificial para ambientes internos - Maxx Gramas<\/title>\n<meta name=\"description\" content=\"Descubra como o jardim vertical artificial da Maxx Gramas transforma ambientes internos com beleza, praticidade e durabilidade incompar\u00e1veis.\" \/>\n<meta name=\"robots\" content=\"index, follow, max-snippet:-1, max-image-preview:large, max-video-preview:-1\" \/>\n<link rel=\"canonical\" href=\"https:\/\/www.maxxgramas.com.br\/blog\/jardim-vertical-artificial\/maxx-gramas-jardim-vertical-artificial-para-ambientes-internos\/\" \/>\n<meta property=\"og:locale\" content=\"pt_BR\" \/>\n<meta property=\"og:type\" content=\"article\" \/>\n<meta property=\"og:title\" content=\"Maxx Gramas: jardim vertical artificial para ambientes internos - Maxx Gramas\" \/>\n<meta property=\"og:description\" content=\"Descubra como o jardim vertical artificial da Maxx Gramas transforma ambientes internos com beleza, praticidade e durabilidade incompar\u00e1veis.\" \/>\n<meta property=\"og:url\" content=\"https:\/\/www.maxxgramas.com.br\/blog\/jardim-vertical-artificial\/maxx-gramas-jardim-vertical-artificial-para-ambientes-internos\/\" \/>\n<meta property=\"og:site_name\" content=\"Maxx Gramas\" \/>\n<meta property=\"article:published_time\" content=\"2025-10-20T12:17:03+00:00\" \/>\n<meta property=\"article:modified_time\" content=\"2025-10-20T12:18:12+00:00\" \/>\n<meta property=\"og:image\" content=\"https:\/\/www.maxxgramas.com.br\/blog\/wp-content\/uploads\/2025\/10\/31-1.jpg\" \/>\n\t<meta property=\"og:image:width\" content=\"1000\" \/>\n\t<meta property=\"og:image:height\" content=\"1000\" \/>\n\t<meta property=\"og:image:type\" content=\"image\/jpeg\" \/>\n<meta name=\"author\" content=\"admin\" \/>\n<meta name=\"twitter:card\" content=\"summary_large_image\" \/>\n<meta name=\"twitter:label1\" content=\"Escrito por\" \/>\n\t<meta name=\"twitter:data1\" content=\"admin\" \/>\n\t<meta name=\"twitter:label2\" content=\"Est. tempo de leitura\" \/>\n\t<meta name=\"twitter:data2\" content=\"5 minutos\" \/>\n<script type=\"application\/ld+json\" class=\"yoast-schema-graph\">{\"@context\":\"https:\/\/schema.org\",\"@graph\":[{\"@type\":\"Article\",\"@id\":\"https:\/\/www.maxxgramas.com.br\/blog\/jardim-vertical-artificial\/maxx-gramas-jardim-vertical-artificial-para-ambientes-internos\/#article\",\"isPartOf\":{\"@id\":\"https:\/\/www.maxxgramas.com.br\/blog\/jardim-vertical-artificial\/maxx-gramas-jardim-vertical-artificial-para-ambientes-internos\/\"},\"author\":{\"name\":\"admin\",\"@id\":\"https:\/\/www.maxxgramas.com.br\/blog\/#\/schema\/person\/cd6f13a6e369189ae98f91b0868ed6f8\"},\"headline\":\"Maxx Gramas: jardim vertical artificial para ambientes internos\",\"datePublished\":\"2025-10-20T12:17:03+00:00\",\"dateModified\":\"2025-10-20T12:18:12+00:00\",\"mainEntityOfPage\":{\"@id\":\"https:\/\/www.maxxgramas.com.br\/blog\/jardim-vertical-artificial\/maxx-gramas-jardim-vertical-artificial-para-ambientes-internos\/\"},\"wordCount\":852,\"commentCount\":0,\"publisher\":{\"@id\":\"https:\/\/www.maxxgramas.com.br\/blog\/#organization\"},\"keywords\":[\"ambiente corporativo decorado\",\"ambientes internos verdes\",\"arquitetura e decora\u00e7\u00e3o com plantas sint\u00e9ticas\",\"decora\u00e7\u00e3o com plantas artificiais\",\"decora\u00e7\u00e3o sustent\u00e1vel sem manuten\u00e7\u00e3o\",\"design de interiores com jardim vertical\",\"distribuidor de jardim vertical artificial\",\"empresa de jardim vertical artificial\",\"fabricante de jardim vertical artificial\",\"fornecedor de jardim vertical artificial\",\"instala\u00e7\u00e3o de jardim vertical artificial\",\"jardim artificial de parede\",\"jardim de parede\",\"jardim vertical\",\"jardim vertical artificial\",\"jardim vertical artificial comprar\",\"jardim vertical artificial em Diadema\",\"jardim vertical artificial em guaianases\",\"jardim vertical artificial em Guarulhos\",\"jardim vertical artificial em itaquera\",\"jardim vertical artificial em Osasco\",\"jardim vertical artificial em promo\u00e7\u00e3o\",\"jardim vertical artificial em Santo Andr\u00e9\",\"jardim vertical artificial em S\u00e3o Bernardo\",\"jardim vertical artificial em S\u00e3o Caetano\",\"jardim vertical artificial em s\u00e3o paulo\",\"jardim vertical artificial em sp\",\"jardim vertical artificial na baixada\u00a0santista\",\"jardim vertical artificial na cidade lider\",\"jardim vertical artificial na zona leste\",\"jardim vertical artificial na zona norte\",\"jardim vertical artificial na zona oeste\",\"jardim vertical artificial na zona sul\",\"jardim vertical artificial no ABC\",\"jardim vertical artificial no centro\",\"jardim vertical artificial onde encontrar\",\"jardim vertical artificial perto de mim\",\"jardim vertical artificial pre\u00e7o\",\"jardim vertical artificial pr\u00f3ximo a mim\",\"jardim vertical dur\u00e1vel\",\"jardim vertical para interiores\",\"jardim vertical para restaurantes\",\"jardim vertical sint\u00e9tico\",\"loja de jardim vertical artificial\",\"Maxx Gramas\",\"painel verde artificial\",\"paisagismo artificial\",\"parede verde decorativa\",\"solu\u00e7\u00f5es verdes Maxx Gramas\"],\"articleSection\":[\"Jardim vertical artificial\"],\"inLanguage\":\"pt-BR\",\"potentialAction\":[{\"@type\":\"CommentAction\",\"name\":\"Comment\",\"target\":[\"https:\/\/www.maxxgramas.com.br\/blog\/jardim-vertical-artificial\/maxx-gramas-jardim-vertical-artificial-para-ambientes-internos\/#respond\"]}]},{\"@type\":\"WebPage\",\"@id\":\"https:\/\/www.maxxgramas.com.br\/blog\/jardim-vertical-artificial\/maxx-gramas-jardim-vertical-artificial-para-ambientes-internos\/\",\"url\":\"https:\/\/www.maxxgramas.com.br\/blog\/jardim-vertical-artificial\/maxx-gramas-jardim-vertical-artificial-para-ambientes-internos\/\",\"name\":\"Maxx Gramas: jardim vertical artificial para ambientes internos - Maxx Gramas\",\"isPartOf\":{\"@id\":\"https:\/\/www.maxxgramas.com.br\/blog\/#website\"},\"datePublished\":\"2025-10-20T12:17:03+00:00\",\"dateModified\":\"2025-10-20T12:18:12+00:00\",\"description\":\"Descubra como o jardim vertical artificial da Maxx Gramas transforma ambientes internos com beleza, praticidade e durabilidade incompar\u00e1veis.\",\"breadcrumb\":{\"@id\":\"https:\/\/www.maxxgramas.com.br\/blog\/jardim-vertical-artificial\/maxx-gramas-jardim-vertical-artificial-para-ambientes-internos\/#breadcrumb\"},\"inLanguage\":\"pt-BR\",\"potentialAction\":[{\"@type\":\"ReadAction\",\"target\":[\"https:\/\/www.maxxgramas.com.br\/blog\/jardim-vertical-artificial\/maxx-gramas-jardim-vertical-artificial-para-ambientes-internos\/\"]}]},{\"@type\":\"BreadcrumbList\",\"@id\":\"https:\/\/www.maxxgramas.com.br\/blog\/jardim-vertical-artificial\/maxx-gramas-jardim-vertical-artificial-para-ambientes-internos\/#breadcrumb\",\"itemListElement\":[{\"@type\":\"ListItem\",\"position\":1,\"name\":\"In\u00edcio\",\"item\":\"https:\/\/www.maxxgramas.com.br\/blog\/\"},{\"@type\":\"ListItem\",\"position\":2,\"name\":\"Maxx Gramas: jardim vertical artificial para ambientes internos\"}]},{\"@type\":\"WebSite\",\"@id\":\"https:\/\/www.maxxgramas.com.br\/blog\/#website\",\"url\":\"https:\/\/www.maxxgramas.com.br\/blog\/\",\"name\":\"Maxx Gramas\",\"description\":\"Blog\",\"publisher\":{\"@id\":\"https:\/\/www.maxxgramas.com.br\/blog\/#organization\"},\"potentialAction\":[{\"@type\":\"SearchAction\",\"target\":{\"@type\":\"EntryPoint\",\"urlTemplate\":\"https:\/\/www.maxxgramas.com.br\/blog\/?s={search_term_string}\"},\"query-input\":\"required name=search_term_string\"}],\"inLanguage\":\"pt-BR\"},{\"@type\":\"Organization\",\"@id\":\"https:\/\/www.maxxgramas.com.br\/blog\/#organization\",\"name\":\"Maxx Gramas\",\"url\":\"https:\/\/www.maxxgramas.com.br\/blog\/\",\"logo\":{\"@type\":\"ImageObject\",\"inLanguage\":\"pt-BR\",\"@id\":\"https:\/\/www.maxxgramas.com.br\/blog\/#\/schema\/logo\/image\/\",\"url\":\"https:\/\/www.maxxgramas.com.br\/blog\/wp-content\/uploads\/2022\/06\/max-logo.png\",\"contentUrl\":\"https:\/\/www.maxxgramas.com.br\/blog\/wp-content\/uploads\/2022\/06\/max-logo.png\",\"width\":250,\"height\":133,\"caption\":\"Maxx Gramas\"},\"image\":{\"@id\":\"https:\/\/www.maxxgramas.com.br\/blog\/#\/schema\/logo\/image\/\"}},{\"@type\":\"Person\",\"@id\":\"https:\/\/www.maxxgramas.com.br\/blog\/#\/schema\/person\/cd6f13a6e369189ae98f91b0868ed6f8\",\"name\":\"admin\",\"image\":{\"@type\":\"ImageObject\",\"inLanguage\":\"pt-BR\",\"@id\":\"https:\/\/www.maxxgramas.com.br\/blog\/#\/schema\/person\/image\/\",\"url\":\"https:\/\/secure.gravatar.com\/avatar\/3813f53848958b8842eeafda91666185a90010f65ed554379b78794cde6f234a?s=96&d=mm&r=g\",\"contentUrl\":\"https:\/\/secure.gravatar.com\/avatar\/3813f53848958b8842eeafda91666185a90010f65ed554379b78794cde6f234a?s=96&d=mm&r=g\",\"caption\":\"admin\"},\"sameAs\":[\"https:\/\/maxxgramas.com.br\/blog\"],\"url\":\"https:\/\/www.maxxgramas.com.br\/blog\/author\/admin\/\"}]}<\/script>\n<!-- \/ Yoast SEO plugin. -->","yoast_head_json":{"title":"Maxx Gramas: jardim vertical artificial para ambientes internos - Maxx Gramas","description":"Descubra como o jardim vertical artificial da Maxx Gramas transforma ambientes internos com beleza, praticidade e durabilidade incompar\u00e1veis.","robots":{"index":"index","follow":"follow","max-snippet":"max-snippet:-1","max-image-preview":"max-image-preview:large","max-video-preview":"max-video-preview:-1"},"canonical":"https:\/\/www.maxxgramas.com.br\/blog\/jardim-vertical-artificial\/maxx-gramas-jardim-vertical-artificial-para-ambientes-internos\/","og_locale":"pt_BR","og_type":"article","og_title":"Maxx Gramas: jardim vertical artificial para ambientes internos - Maxx Gramas","og_description":"Descubra como o jardim vertical artificial da Maxx Gramas transforma ambientes internos com beleza, praticidade e durabilidade incompar\u00e1veis.","og_url":"https:\/\/www.maxxgramas.com.br\/blog\/jardim-vertical-artificial\/maxx-gramas-jardim-vertical-artificial-para-ambientes-internos\/","og_site_name":"Maxx Gramas","article_published_time":"2025-10-20T12:17:03+00:00","article_modified_time":"2025-10-20T12:18:12+00:00","og_image":[{"width":1000,"height":1000,"url":"https:\/\/www.maxxgramas.com.br\/blog\/wp-content\/uploads\/2025\/10\/31-1.jpg","type":"image\/jpeg"}],"author":"admin","twitter_card":"summary_large_image","twitter_misc":{"Escrito por":"admin","Est. tempo de leitura":"5 minutos"},"schema":{"@context":"https:\/\/schema.org","@graph":[{"@type":"Article","@id":"https:\/\/www.maxxgramas.com.br\/blog\/jardim-vertical-artificial\/maxx-gramas-jardim-vertical-artificial-para-ambientes-internos\/#article","isPartOf":{"@id":"https:\/\/www.maxxgramas.com.br\/blog\/jardim-vertical-artificial\/maxx-gramas-jardim-vertical-artificial-para-ambientes-internos\/"},"author":{"name":"admin","@id":"https:\/\/www.maxxgramas.com.br\/blog\/#\/schema\/person\/cd6f13a6e369189ae98f91b0868ed6f8"},"headline":"Maxx Gramas: jardim vertical artificial para ambientes internos","datePublished":"2025-10-20T12:17:03+00:00","dateModified":"2025-10-20T12:18:12+00:00","mainEntityOfPage":{"@id":"https:\/\/www.maxxgramas.com.br\/blog\/jardim-vertical-artificial\/maxx-gramas-jardim-vertical-artificial-para-ambientes-internos\/"},"wordCount":852,"commentCount":0,"publisher":{"@id":"https:\/\/www.maxxgramas.com.br\/blog\/#organization"},"keywords":["ambiente corporativo decorado","ambientes internos verdes","arquitetura e decora\u00e7\u00e3o com plantas sint\u00e9ticas","decora\u00e7\u00e3o com plantas artificiais","decora\u00e7\u00e3o sustent\u00e1vel sem manuten\u00e7\u00e3o","design de interiores com jardim vertical","distribuidor de jardim vertical artificial","empresa de jardim vertical artificial","fabricante de jardim vertical artificial","fornecedor de jardim vertical artificial","instala\u00e7\u00e3o de jardim vertical artificial","jardim artificial de parede","jardim de parede","jardim vertical","jardim vertical artificial","jardim vertical artificial comprar","jardim vertical artificial em Diadema","jardim vertical artificial em guaianases","jardim vertical artificial em Guarulhos","jardim vertical artificial em itaquera","jardim vertical artificial em Osasco","jardim vertical artificial em promo\u00e7\u00e3o","jardim vertical artificial em Santo Andr\u00e9","jardim vertical artificial em S\u00e3o Bernardo","jardim vertical artificial em S\u00e3o Caetano","jardim vertical artificial em s\u00e3o paulo","jardim vertical artificial em sp","jardim vertical artificial na baixada\u00a0santista","jardim vertical artificial na cidade lider","jardim vertical artificial na zona leste","jardim vertical artificial na zona norte","jardim vertical artificial na zona oeste","jardim vertical artificial na zona sul","jardim vertical artificial no ABC","jardim vertical artificial no centro","jardim vertical artificial onde encontrar","jardim vertical artificial perto de mim","jardim vertical artificial pre\u00e7o","jardim vertical artificial pr\u00f3ximo a mim","jardim vertical dur\u00e1vel","jardim vertical para interiores","jardim vertical para restaurantes","jardim vertical sint\u00e9tico","loja de jardim vertical artificial","Maxx Gramas","painel verde artificial","paisagismo artificial","parede verde decorativa","solu\u00e7\u00f5es verdes Maxx Gramas"],"articleSection":["Jardim vertical artificial"],"inLanguage":"pt-BR","potentialAction":[{"@type":"CommentAction","name":"Comment","target":["https:\/\/www.maxxgramas.com.br\/blog\/jardim-vertical-artificial\/maxx-gramas-jardim-vertical-artificial-para-ambientes-internos\/#respond"]}]},{"@type":"WebPage","@id":"https:\/\/www.maxxgramas.com.br\/blog\/jardim-vertical-artificial\/maxx-gramas-jardim-vertical-artificial-para-ambientes-internos\/","url":"https:\/\/www.maxxgramas.com.br\/blog\/jardim-vertical-artificial\/maxx-gramas-jardim-vertical-artificial-para-ambientes-internos\/","name":"Maxx Gramas: jardim vertical artificial para ambientes internos - Maxx Gramas","isPartOf":{"@id":"https:\/\/www.maxxgramas.com.br\/blog\/#website"},"datePublished":"2025-10-20T12:17:03+00:00","dateModified":"2025-10-20T12:18:12+00:00","description":"Descubra como o jardim vertical artificial da Maxx Gramas transforma ambientes internos com beleza, praticidade e durabilidade incompar\u00e1veis.","breadcrumb":{"@id":"https:\/\/www.maxxgramas.com.br\/blog\/jardim-vertical-artificial\/maxx-gramas-jardim-vertical-artificial-para-ambientes-internos\/#breadcrumb"},"inLanguage":"pt-BR","potentialAction":[{"@type":"ReadAction","target":["https:\/\/www.maxxgramas.com.br\/blog\/jardim-vertical-artificial\/maxx-gramas-jardim-vertical-artificial-para-ambientes-internos\/"]}]},{"@type":"BreadcrumbList","@id":"https:\/\/www.maxxgramas.com.br\/blog\/jardim-vertical-artificial\/maxx-gramas-jardim-vertical-artificial-para-ambientes-internos\/#breadcrumb","itemListElement":[{"@type":"ListItem","position":1,"name":"In\u00edcio","item":"https:\/\/www.maxxgramas.com.br\/blog\/"},{"@type":"ListItem","position":2,"name":"Maxx Gramas: jardim vertical artificial para ambientes internos"}]},{"@type":"WebSite","@id":"https:\/\/www.maxxgramas.com.br\/blog\/#website","url":"https:\/\/www.maxxgramas.com.br\/blog\/","name":"Maxx Gramas","description":"Blog","publisher":{"@id":"https:\/\/www.maxxgramas.com.br\/blog\/#organization"},"potentialAction":[{"@type":"SearchAction","target":{"@type":"EntryPoint","urlTemplate":"https:\/\/www.maxxgramas.com.br\/blog\/?s={search_term_string}"},"query-input":"required name=search_term_string"}],"inLanguage":"pt-BR"},{"@type":"Organization","@id":"https:\/\/www.maxxgramas.com.br\/blog\/#organization","name":"Maxx Gramas","url":"https:\/\/www.maxxgramas.com.br\/blog\/","logo":{"@type":"ImageObject","inLanguage":"pt-BR","@id":"https:\/\/www.maxxgramas.com.br\/blog\/#\/schema\/logo\/image\/","url":"https:\/\/www.maxxgramas.com.br\/blog\/wp-content\/uploads\/2022\/06\/max-logo.png","contentUrl":"https:\/\/www.maxxgramas.com.br\/blog\/wp-content\/uploads\/2022\/06\/max-logo.png","width":250,"height":133,"caption":"Maxx Gramas"},"image":{"@id":"https:\/\/www.maxxgramas.com.br\/blog\/#\/schema\/logo\/image\/"}},{"@type":"Person","@id":"https:\/\/www.maxxgramas.com.br\/blog\/#\/schema\/person\/cd6f13a6e369189ae98f91b0868ed6f8","name":"admin","image":{"@type":"ImageObject","inLanguage":"pt-BR","@id":"https:\/\/www.maxxgramas.com.br\/blog\/#\/schema\/person\/image\/","url":"https:\/\/secure.gravatar.com\/avatar\/3813f53848958b8842eeafda91666185a90010f65ed554379b78794cde6f234a?s=96&d=mm&r=g","contentUrl":"https:\/\/secure.gravatar.com\/avatar\/3813f53848958b8842eeafda91666185a90010f65ed554379b78794cde6f234a?s=96&d=mm&r=g","caption":"admin"},"sameAs":["https:\/\/maxxgramas.com.br\/blog"],"url":"https:\/\/www.maxxgramas.com.br\/blog\/author\/admin\/"}]}},"_links":{"self":[{"href":"https:\/\/www.maxxgramas.com.br\/blog\/wp-json\/wp\/v2\/posts\/632","targetHints":{"allow":["GET"]}}],"collection":[{"href":"https:\/\/www.maxxgramas.com.br\/blog\/wp-json\/wp\/v2\/posts"}],"about":[{"href":"https:\/\/www.maxxgramas.com.br\/blog\/wp-json\/wp\/v2\/types\/post"}],"author":[{"embeddable":true,"href":"https:\/\/www.maxxgramas.com.br\/blog\/wp-json\/wp\/v2\/users\/1"}],"replies":[{"embeddable":true,"href":"https:\/\/www.maxxgramas.com.br\/blog\/wp-json\/wp\/v2\/comments?post=632"}],"version-history":[{"count":2,"href":"https:\/\/www.maxxgramas.com.br\/blog\/wp-json\/wp\/v2\/posts\/632\/revisions"}],"predecessor-version":[{"id":636,"href":"https:\/\/www.maxxgramas.com.br\/blog\/wp-json\/wp\/v2\/posts\/632\/revisions\/636"}],"wp:featuredmedia":[{"embeddable":true,"href":"https:\/\/www.maxxgramas.com.br\/blog\/wp-json\/wp\/v2\/media\/634"}],"wp:attachment":[{"href":"https:\/\/www.maxxgramas.com.br\/blog\/wp-json\/wp\/v2\/media?parent=632"}],"wp:term":[{"taxonomy":"category","embeddable":true,"href":"https:\/\/www.maxxgramas.com.br\/blog\/wp-json\/wp\/v2\/categories?post=632"},{"taxonomy":"post_tag","embeddable":true,"href":"https:\/\/www.maxxgramas.com.br\/blog\/wp-json\/wp\/v2\/tags?post=632"}],"curies":[{"name":"wp","href":"https:\/\/api.w.org\/{rel}","templated":true}]}}